{"id":6187,"date":"2021-11-02T12:17:28","date_gmt":"2021-11-02T11:17:28","guid":{"rendered":"http:\/\/europskydialog.eu\/?p=6187"},"modified":"2023-09-19T09:57:44","modified_gmt":"2023-09-19T07:57:44","slug":"first-mediathon-in-trnava","status":"publish","type":"post","link":"https:\/\/europskydialog.eu\/en\/2021\/11\/02\/first-mediathon-in-trnava\/","title":{"rendered":"First Mediathon in Trnava was marked by inspiration and cooperation"},"content":{"rendered":"<p>From 25 to 29 October 2021, the European Dialogue hosted international training called Mediathon, which brought together many amazing and inspiring participants and speakers. It was attended by journalists from Slovakia, Lithuania, and the Czech Republic, who are interested in acquiring new competences, especially in the fields of investigative and data journalism. The training was a success thanks to a great and active team of participants, who created an inspiring atmosphere and wanted to learn from each other as well. European Dialogue is convinced that networking and cooperation is very important for journalists. Therefore, its team designed the training in a way that helped participants to connect and exchange their knowledge and experiences. That is also why they worked in multinational teams and created concepts of their common investigative projects during the whole week.<\/p>\n<p>During the opening day of the Mediathon, the participants got acquainted with the whole project <span style=\"text-decoration: underline;\"><span style=\"color: #0000ff; text-decoration: underline;\"><a style=\"color: #0000ff; text-decoration: underline;\" href=\"https:\/\/www.media4change.co\/future-story-lab\/\">Media4Change: Future Investigative Story Lab<\/a><\/span><\/span>, which aims at motivating and supporting journalists working at the local or regional level in the fields of investigations and cooperation. It does that through community, online tools (e.g. matchmaking and Ideas Market), series of competitions and training events, and mentoring. They also got to know each other &#8211; what they are doing in their professional life and free time &#8211; during several ice-breaking activities. Informal networking was topped off with so-called \u201cNetworking night\u201d, during which they enjoyed food and pleasant music.<\/p>\n<p>Day two of the Mediathon was dedicated to investigative journalism. The first part was led by Mr. Marek Vagovi\u010d, Slovak journalist and head of an investigative team at medium <span style=\"text-decoration: underline; color: #0000ff;\"><a style=\"color: #0000ff; text-decoration: underline;\" href=\"https:\/\/www.aktuality.sk\/\">Aktuality.sk<\/a><\/span>. He introduced the participants into how investigative journalism evolved in Slovakia, what were and are the main cases resonating in the public space, what&#8217;s the approach of journalists to the coverage of those, and which tools are used. The second part was focusing on introduction in data journalism, namely data pipeline. It was led by experienced trainer, mentor, and data journalism editor, Ms. <span style=\"text-decoration: underline; color: #0000ff;\"><a style=\"color: #0000ff; text-decoration: underline;\" href=\"https:\/\/anastasiavaleeva.com\/\">Anastasia Valeeva<\/a><\/span>, who has taught data journalism in Europe, Balkans, Central Asia, and Russia, for example at the American University of Central Asia in Kyrgyzstan. She helped the participants to explore several open data tools that can be used for effective investigations &#8211; from data collection to their cleaning and analysis.<\/p>\n<p>During day three of the Mediathon in Trnava the participants dove more into the data journalism topic and were also introduced into the topics of navigating corporate and property registries followed by data and digital security. Both modules were delivered by experts from the U.S. nonprofit organisation <span style=\"text-decoration: underline; color: #0000ff;\"><a style=\"color: #0000ff; text-decoration: underline;\" href=\"https:\/\/c4ads.org\/\">C4ADS<\/a><\/span> (Center for Advanced Defense Studies), Sheyda Mainzer and Hugh Bradshaw.<\/p>\n<p>The participants also explored various opportunities in terms of funding and professional development and how Media4Change community can help and support them in this regard. In the evening we had a special guest &#8211; Mr. Arp\u00e1d Solt\u00e9sz, former investigative journalist and one of the founders of the <span style=\"text-decoration: underline; color: #0000ff;\"><a style=\"color: #0000ff; text-decoration: underline;\" href=\"https:\/\/icjk.sk\/\">Investigative Center of Jan Kuciak<\/a><\/span> (ICJK). He discussed with the participants about connections between investigative journalism and art (literature and movies), mainly how it can help increase the impact of journalistic works.<\/p>\n<p>The fourth day of the Mediathon started with a session about data visualisations with Nika Aleksejeva from Riga, who worked at Infogram &#8211; a popular data visualisation service &#8211; and established the <span style=\"text-decoration: underline; color: #0000ff;\"><a style=\"color: #0000ff; text-decoration: underline;\" href=\"https:\/\/schoolofdata.org\/team\/\">School of Data<\/a><\/span> local chapter in the Baltics. She introduced the participants into principles and techniques of how to illustrate data correctly and attractively. Next to the best practices from history and these days, she also showed some bad practices that should be avoided. Participants also explored useful tools and shortly exercised their knowledge by discussing which charts represent certain data the best.<\/p>\n<p>Second session of the day was dedicated to the question of why some topics and angles are represented in the media more than the others. The participants discussed with dr. Martin Sol\u00edk from the <span style=\"text-decoration: underline; color: #0000ff;\"><a style=\"color: #0000ff; text-decoration: underline;\" href=\"https:\/\/fmk.sk\/en\/\">Faculty of Mass Media Communication at the University of Ss. Cyril and Methodius in Trnava<\/a><\/span> (FMK) about agenda setting, dominant sources of information, and media regulations.<\/p>\n<p>As the training week was quite intense, the participants enjoyed sightseeing around Trnava. They explored the old town and its gems and even went up to the city tower during sunset. Some of them played the GPS game &#8220;<span style=\"text-decoration: underline; color: #0000ff;\"><a style=\"color: #0000ff; text-decoration: underline;\" href=\"https:\/\/hradby.trnava.sk\/#\/\">The Mighty Bell<\/a><\/span>&#8221; to look into the story of the Trnava walls along the way.<\/p>\n<p>The whole week of the Mediathon went very fast. During its last day, participants presented results of their team works &#8211; designs on investigations, which are well elaborated and look promising &#8211; and shared impressions from the event. At the very end, doc. Jitka Ro\u017e\u0148ov\u00e1 from <span style=\"color: #0000ff;\"><a style=\"color: #0000ff;\" href=\"https:\/\/www.ukf.sk\/en\/\"><span style=\"text-decoration: underline;\">the Constantine the Philosopher University in Nitra<\/span><\/a><\/span> led a creative workshop on the topic of Slovak language in the media (just for participants from Slovakia). Mediathon also got media attention. It was visited by the regional television <span style=\"text-decoration: underline; color: #0000ff;\"><a style=\"color: #0000ff; text-decoration: underline;\" href=\"http:\/\/vegatv.sk\/\">TV VEGA<\/a><\/span> and you can watch its report here:<\/p>\n<p><iframe title=\"YouTube video player\" src=\"https:\/\/www.youtube.com\/embed\/4Uwnh33B9g8\" width=\"560\" height=\"315\" frameborder=\"0\" allowfullscreen=\"allowfullscreen\"><\/iframe><\/p>\n<p>Everyone enjoyed the event, inspirational presentations and discussions, nice environment of hotel London, and group work. The participants got new competences, broadened their horizons, and found new potential collaborators. They appreciated the supportive approach of European Dialogue&#8217;s team and are interested in using future opportunities offered by the Media4Change community, such as matchmaking, online space for collaboration, mentoring, or tools for an audience engagement.<\/p>\n<p>The European Dialogue would also like to thank all participants for their active, open, and friendly approach. Its team is thankful for their journalistic work they do &#8211; whether it&#8217;s focusing on big issues or local hidden stories &#8211; and dedication to move the media forward. All in all the first Mediathon was a great learning and networking experience for everyone involved, both participants and organisers. Now it&#8217;s time to keep in touch and work together to shake things up.<\/p>\n<hr \/>\n<p><em><strong>Background: <\/strong><\/em><em>The training was one of the activities of the <strong>Media4Change &#8211; Future Investigative Story Lab<\/strong> project, which aims to support cooperation, innovation, and professional standards in the field of investigative journalism in Lithuania and Slovakia. It\u2019s run by the National Institute for Social Integration (Media4Change programme) from Lithuania and European Dialogue from Slovakia.<\/em><\/p>\n<p><em>The project has been co-financed by the European Commission &#8211; DG CONNECT under the 2019 call for proposals \u201cMedia freedom and investigative journalism\u201d (Pilot Project: Supporting investigative journalism and media freedom in the EU).<\/em><\/p>\n<p align=\"justify\"><img decoding=\"async\" class=\"alignjustify wp-image-5212\" src=\"data:image\/svg+xml,%3Csvg%20xmlns%3D&#39;http%3A%2F%2Fwww.w3.org%2F2000%2Fsvg&#39;%20width=&#39;171&#39;%20height=&#39;118&#39;%20viewBox%3D&#39;0%200%20171%20118&#39;%2F%3E\" data-czlz data-src=\"http:\/\/europskydialog.eu\/wp-content\/uploads\/2020\/12\/logo_ce-en-rvb-hr-700x484.jpg\" alt=\"\" width=\"171\" height=\"118\" \/><\/p>\n<p align=\"justify\"><strong><em>Disclaimer: <\/em><\/strong><em>The European Commission&#8217;s support for the production of this article does not constitute an endorsement of the contents, which reflect the views of the authors only and are their sole responsibility. The Commission cannot be held responsible for any use which may be made of the information contained therein.<\/em><\/p>\n","protected":false},"excerpt":{"rendered":"<p>From 25 to 29 October 2021, the European Dialogue hosted international training called Mediathon, which brought together many amazing and inspiring participants and speakers. It was attended by &#8230; <a class=\"cz_readmore\" href=\"https:\/\/europskydialog.eu\/en\/2021\/11\/02\/first-mediathon-in-trnava\/\"><i class=\"fa czico-188-arrows-2\" aria-hidden=\"true\"><\/i><span>Zobrazi\u0165 viac<\/span><\/a><\/p>\n","protected":false},"author":26,"featured_media":5722,"comment_status":"closed","ping_status":"open","sticky":false,"template":"","format":"standard","meta":{"om_disable_all_campaigns":false,"_monsterinsights_skip_tracking":false,"_monsterinsights_sitenote_active":false,"_monsterinsights_sitenote_note":"","_monsterinsights_sitenote_category":0,"_uf_show_specific_survey":0,"_uf_disable_surveys":false,"footnotes":""},"categories":[341,342,343,337,344],"tags":[],"class_list":["post-6187","post","type-post","status-publish","format-standard","has-post-thumbnail","hentry","category-en-en","category-articles-en","category-featured-en","category-future-story-lab-training","category-news-opportunities-en"],"aioseo_notices":[],"yoast_head":"<!-- This site is optimized with the Yoast SEO plugin v25.2 - https:\/\/yoast.com\/wordpress\/plugins\/seo\/ -->\n<title>First Mediathon in Trnava was marked by inspiration and cooperation - European Dialogue - Europsky Dialog<\/title>\n<meta name=\"robots\" content=\"index, follow, max-snippet:-1, max-image-preview:large, max-video-preview:-1\" \/>\n<link rel=\"canonical\" href=\"https:\/\/europskydialog.eu\/2021\/11\/02\/prvy-rocnik-mediathonu-v-trnave\/\" \/>\n<meta property=\"og:locale\" content=\"en_US\" \/>\n<meta property=\"og:type\" content=\"article\" \/>\n<meta property=\"og:title\" content=\"First Mediathon in Trnava was marked by inspiration and cooperation - European Dialogue - Europsky Dialog\" \/>\n<meta property=\"og:description\" content=\"From 25 to 29 October 2021, the European Dialogue hosted international training called Mediathon, which brought together many amazing and inspiring participants and speakers. It was attended by ... Zobrazi\u0165 viac\" \/>\n<meta property=\"og:url\" content=\"https:\/\/europskydialog.eu\/2021\/11\/02\/prvy-rocnik-mediathonu-v-trnave\/\" \/>\n<meta property=\"og:site_name\" content=\"European Dialogue - Europsky Dialog\" \/>\n<meta property=\"article:published_time\" content=\"2021-11-02T11:17:28+00:00\" \/>\n<meta property=\"article:modified_time\" content=\"2023-09-19T07:57:44+00:00\" \/>\n<meta property=\"og:image\" content=\"https:\/\/europskydialog.eu\/wp-content\/uploads\/2021\/06\/M4Ch-Community.png\" \/>\n\t<meta property=\"og:image:width\" content=\"1920\" \/>\n\t<meta property=\"og:image:height\" content=\"1080\" \/>\n\t<meta property=\"og:image:type\" content=\"image\/png\" \/>\n<meta name=\"author\" content=\"Martin Ma\u0161ka\" \/>\n<meta name=\"twitter:card\" content=\"summary_large_image\" \/>\n<meta name=\"twitter:label1\" content=\"Written by\" \/>\n\t<meta name=\"twitter:data1\" content=\"Martin Ma\u0161ka\" \/>\n\t<meta name=\"twitter:label2\" content=\"Est. reading time\" \/>\n\t<meta name=\"twitter:data2\" content=\"7 minutes\" \/>\n<script type=\"application\/ld+json\" class=\"yoast-schema-graph\">{\"@context\":\"https:\/\/schema.org\",\"@graph\":[{\"@type\":\"WebPage\",\"@id\":\"https:\/\/europskydialog.eu\/2021\/11\/02\/prvy-rocnik-mediathonu-v-trnave\/\",\"url\":\"https:\/\/europskydialog.eu\/2021\/11\/02\/prvy-rocnik-mediathonu-v-trnave\/\",\"name\":\"First Mediathon in Trnava was marked by inspiration and cooperation - European Dialogue - Europsky Dialog\",\"isPartOf\":{\"@id\":\"https:\/\/europskydialog.eu\/en\/#website\"},\"primaryImageOfPage\":{\"@id\":\"https:\/\/europskydialog.eu\/2021\/11\/02\/prvy-rocnik-mediathonu-v-trnave\/#primaryimage\"},\"image\":{\"@id\":\"https:\/\/europskydialog.eu\/2021\/11\/02\/prvy-rocnik-mediathonu-v-trnave\/#primaryimage\"},\"thumbnailUrl\":\"https:\/\/europskydialog.eu\/wp-content\/uploads\/2021\/06\/M4Ch-Community.png\",\"datePublished\":\"2021-11-02T11:17:28+00:00\",\"dateModified\":\"2023-09-19T07:57:44+00:00\",\"author\":{\"@id\":\"https:\/\/europskydialog.eu\/en\/#\/schema\/person\/329d0280069ebc7bffe8572443bc40d0\"},\"breadcrumb\":{\"@id\":\"https:\/\/europskydialog.eu\/2021\/11\/02\/prvy-rocnik-mediathonu-v-trnave\/#breadcrumb\"},\"inLanguage\":\"en-US\",\"potentialAction\":[{\"@type\":\"ReadAction\",\"target\":[\"https:\/\/europskydialog.eu\/2021\/11\/02\/prvy-rocnik-mediathonu-v-trnave\/\"]}]},{\"@type\":\"ImageObject\",\"inLanguage\":\"en-US\",\"@id\":\"https:\/\/europskydialog.eu\/2021\/11\/02\/prvy-rocnik-mediathonu-v-trnave\/#primaryimage\",\"url\":\"https:\/\/europskydialog.eu\/wp-content\/uploads\/2021\/06\/M4Ch-Community.png\",\"contentUrl\":\"https:\/\/europskydialog.eu\/wp-content\/uploads\/2021\/06\/M4Ch-Community.png\",\"width\":1920,\"height\":1080},{\"@type\":\"BreadcrumbList\",\"@id\":\"https:\/\/europskydialog.eu\/2021\/11\/02\/prvy-rocnik-mediathonu-v-trnave\/#breadcrumb\",\"itemListElement\":[{\"@type\":\"ListItem\",\"position\":1,\"name\":\"Home\",\"item\":\"https:\/\/europskydialog.eu\/en\/\"},{\"@type\":\"ListItem\",\"position\":2,\"name\":\"First Mediathon in Trnava was marked by inspiration and cooperation\"}]},{\"@type\":\"WebSite\",\"@id\":\"https:\/\/europskydialog.eu\/en\/#website\",\"url\":\"https:\/\/europskydialog.eu\/en\/\",\"name\":\"European Dialogue - Europsky Dialog\",\"description\":\"\",\"potentialAction\":[{\"@type\":\"SearchAction\",\"target\":{\"@type\":\"EntryPoint\",\"urlTemplate\":\"https:\/\/europskydialog.eu\/en\/?s={search_term_string}\"},\"query-input\":{\"@type\":\"PropertyValueSpecification\",\"valueRequired\":true,\"valueName\":\"search_term_string\"}}],\"inLanguage\":\"en-US\"},{\"@type\":\"Person\",\"@id\":\"https:\/\/europskydialog.eu\/en\/#\/schema\/person\/329d0280069ebc7bffe8572443bc40d0\",\"name\":\"Martin Ma\u0161ka\",\"image\":{\"@type\":\"ImageObject\",\"inLanguage\":\"en-US\",\"@id\":\"https:\/\/europskydialog.eu\/en\/#\/schema\/person\/image\/\",\"url\":\"https:\/\/secure.gravatar.com\/avatar\/ed82ef81bcafc77dca37a0910efce94514fa6306b6c7d9e481700b3506e1e5e3?s=96&d=mm&r=g\",\"contentUrl\":\"https:\/\/secure.gravatar.com\/avatar\/ed82ef81bcafc77dca37a0910efce94514fa6306b6c7d9e481700b3506e1e5e3?s=96&d=mm&r=g\",\"caption\":\"Martin Ma\u0161ka\"},\"url\":\"https:\/\/europskydialog.eu\/en\/author\/martin\/\"}]}<\/script>\n<!-- \/ Yoast SEO plugin. -->","yoast_head_json":{"title":"First Mediathon in Trnava was marked by inspiration and cooperation - European Dialogue - Europsky Dialog","robots":{"index":"index","follow":"follow","max-snippet":"max-snippet:-1","max-image-preview":"max-image-preview:large","max-video-preview":"max-video-preview:-1"},"canonical":"https:\/\/europskydialog.eu\/2021\/11\/02\/prvy-rocnik-mediathonu-v-trnave\/","og_locale":"en_US","og_type":"article","og_title":"First Mediathon in Trnava was marked by inspiration and cooperation - European Dialogue - Europsky Dialog","og_description":"From 25 to 29 October 2021, the European Dialogue hosted international training called Mediathon, which brought together many amazing and inspiring participants and speakers. It was attended by ... Zobrazi\u0165 viac","og_url":"https:\/\/europskydialog.eu\/2021\/11\/02\/prvy-rocnik-mediathonu-v-trnave\/","og_site_name":"European Dialogue - Europsky Dialog","article_published_time":"2021-11-02T11:17:28+00:00","article_modified_time":"2023-09-19T07:57:44+00:00","og_image":[{"width":1920,"height":1080,"url":"https:\/\/europskydialog.eu\/wp-content\/uploads\/2021\/06\/M4Ch-Community.png","type":"image\/png"}],"author":"Martin Ma\u0161ka","twitter_card":"summary_large_image","twitter_misc":{"Written by":"Martin Ma\u0161ka","Est. reading time":"7 minutes"},"schema":{"@context":"https:\/\/schema.org","@graph":[{"@type":"WebPage","@id":"https:\/\/europskydialog.eu\/2021\/11\/02\/prvy-rocnik-mediathonu-v-trnave\/","url":"https:\/\/europskydialog.eu\/2021\/11\/02\/prvy-rocnik-mediathonu-v-trnave\/","name":"First Mediathon in Trnava was marked by inspiration and cooperation - European Dialogue - Europsky Dialog","isPartOf":{"@id":"https:\/\/europskydialog.eu\/en\/#website"},"primaryImageOfPage":{"@id":"https:\/\/europskydialog.eu\/2021\/11\/02\/prvy-rocnik-mediathonu-v-trnave\/#primaryimage"},"image":{"@id":"https:\/\/europskydialog.eu\/2021\/11\/02\/prvy-rocnik-mediathonu-v-trnave\/#primaryimage"},"thumbnailUrl":"https:\/\/europskydialog.eu\/wp-content\/uploads\/2021\/06\/M4Ch-Community.png","datePublished":"2021-11-02T11:17:28+00:00","dateModified":"2023-09-19T07:57:44+00:00","author":{"@id":"https:\/\/europskydialog.eu\/en\/#\/schema\/person\/329d0280069ebc7bffe8572443bc40d0"},"breadcrumb":{"@id":"https:\/\/europskydialog.eu\/2021\/11\/02\/prvy-rocnik-mediathonu-v-trnave\/#breadcrumb"},"inLanguage":"en-US","potentialAction":[{"@type":"ReadAction","target":["https:\/\/europskydialog.eu\/2021\/11\/02\/prvy-rocnik-mediathonu-v-trnave\/"]}]},{"@type":"ImageObject","inLanguage":"en-US","@id":"https:\/\/europskydialog.eu\/2021\/11\/02\/prvy-rocnik-mediathonu-v-trnave\/#primaryimage","url":"https:\/\/europskydialog.eu\/wp-content\/uploads\/2021\/06\/M4Ch-Community.png","contentUrl":"https:\/\/europskydialog.eu\/wp-content\/uploads\/2021\/06\/M4Ch-Community.png","width":1920,"height":1080},{"@type":"BreadcrumbList","@id":"https:\/\/europskydialog.eu\/2021\/11\/02\/prvy-rocnik-mediathonu-v-trnave\/#breadcrumb","itemListElement":[{"@type":"ListItem","position":1,"name":"Home","item":"https:\/\/europskydialog.eu\/en\/"},{"@type":"ListItem","position":2,"name":"First Mediathon in Trnava was marked by inspiration and cooperation"}]},{"@type":"WebSite","@id":"https:\/\/europskydialog.eu\/en\/#website","url":"https:\/\/europskydialog.eu\/en\/","name":"European Dialogue - Europsky Dialog","description":"","potentialAction":[{"@type":"SearchAction","target":{"@type":"EntryPoint","urlTemplate":"https:\/\/europskydialog.eu\/en\/?s={search_term_string}"},"query-input":{"@type":"PropertyValueSpecification","valueRequired":true,"valueName":"search_term_string"}}],"inLanguage":"en-US"},{"@type":"Person","@id":"https:\/\/europskydialog.eu\/en\/#\/schema\/person\/329d0280069ebc7bffe8572443bc40d0","name":"Martin Ma\u0161ka","image":{"@type":"ImageObject","inLanguage":"en-US","@id":"https:\/\/europskydialog.eu\/en\/#\/schema\/person\/image\/","url":"https:\/\/secure.gravatar.com\/avatar\/ed82ef81bcafc77dca37a0910efce94514fa6306b6c7d9e481700b3506e1e5e3?s=96&d=mm&r=g","contentUrl":"https:\/\/secure.gravatar.com\/avatar\/ed82ef81bcafc77dca37a0910efce94514fa6306b6c7d9e481700b3506e1e5e3?s=96&d=mm&r=g","caption":"Martin Ma\u0161ka"},"url":"https:\/\/europskydialog.eu\/en\/author\/martin\/"}]}},"_links":{"self":[{"href":"https:\/\/europskydialog.eu\/en\/wp-json\/wp\/v2\/posts\/6187","targetHints":{"allow":["GET"]}}],"collection":[{"href":"https:\/\/europskydialog.eu\/en\/wp-json\/wp\/v2\/posts"}],"about":[{"href":"https:\/\/europskydialog.eu\/en\/wp-json\/wp\/v2\/types\/post"}],"author":[{"embeddable":true,"href":"https:\/\/europskydialog.eu\/en\/wp-json\/wp\/v2\/users\/26"}],"replies":[{"embeddable":true,"href":"https:\/\/europskydialog.eu\/en\/wp-json\/wp\/v2\/comments?post=6187"}],"version-history":[{"count":1,"href":"https:\/\/europskydialog.eu\/en\/wp-json\/wp\/v2\/posts\/6187\/revisions"}],"predecessor-version":[{"id":10194,"href":"https:\/\/europskydialog.eu\/en\/wp-json\/wp\/v2\/posts\/6187\/revisions\/10194"}],"wp:featuredmedia":[{"embeddable":true,"href":"https:\/\/europskydialog.eu\/en\/wp-json\/wp\/v2\/media\/5722"}],"wp:attachment":[{"href":"https:\/\/europskydialog.eu\/en\/wp-json\/wp\/v2\/media?parent=6187"}],"wp:term":[{"taxonomy":"category","embeddable":true,"href":"https:\/\/europskydialog.eu\/en\/wp-json\/wp\/v2\/categories?post=6187"},{"taxonomy":"post_tag","embeddable":true,"href":"https:\/\/europskydialog.eu\/en\/wp-json\/wp\/v2\/tags?post=6187"}],"curies":[{"name":"wp","href":"https:\/\/api.w.org\/{rel}","templated":true}]}}